[{"@context":"https:\/\/schema.org\/","@type":"Blog","@id":"https:\/\/www.zbiko.cz#Blog","headline":"Zbiko","description":"\nNebezpe\u010d\u00ed \u010d\u00edhaj\u00ed nejednou na ka\u017ed\u00e9m kroku a \u010dlov\u011bk se tak mus\u00ed m\u00edt st\u00e1le na pozoru. Ale na na\u0161em webu si v\u00a0\u017e\u00e1dn\u00e9m p\u0159\u00edpad\u011b nikdy nemus\u00edte d\u00e1vat pozor.","url":"https:\/\/www.zbiko.cz","hasPart":[{"@type":"Article","@id":"https:\/\/www.zbiko.cz\/spoluprace-s-umelou-inteligenci-pro-zemedelske-odborniky\/","headline":"Spolupr\u00e1ce s um\u011blou inteligenc\u00ed pro zem\u011bd\u011blsk\u00e9 odborn\u00edky","url":"https:\/\/www.zbiko.cz\/spoluprace-s-umelou-inteligenci-pro-zemedelske-odborniky\/","datePublished":"2026-08-06","dateModified":"2026-08-06","mainEntityOfPage":"https:\/\/www.zbiko.cz\/spoluprace-s-umelou-inteligenci-pro-zemedelske-odborniky\/","author":{"@type":"Person","@id":"https:\/\/www.zbiko.cz\/author\/#Person","name":"","url":"https:\/\/www.zbiko.cz\/author\/","identifier":1,"image":{"@type":"ImageObject","@id":"https:\/\/secure.gravatar.com\/avatar\/b72fc1bf1bf254b4118ef99c1da35a199f5a8e7c33c2166eae92618994df57ea?s=96&d=mm&r=g","url":"https:\/\/secure.gravatar.com\/avatar\/b72fc1bf1bf254b4118ef99c1da35a199f5a8e7c33c2166eae92618994df57ea?s=96&d=mm&r=g","height":96,"width":96}},"publisher":{"@type":"Organization","name":"zbiko.cz","logo":{"@type":"ImageObject","@id":"\/logo.png","url":"\/logo.png","width":600,"height":60}},"image":{"@type":"ImageObject","@id":"https:\/\/www.zbiko.cz\/wp-content\/uploads\/crazyarts-google-1385511_640.jpg","url":"https:\/\/www.zbiko.cz\/wp-content\/uploads\/crazyarts-google-1385511_640.jpg","height":0,"width":0},"wordCount":533,"keywords":null},{"@type":"Article","@id":"https:\/\/www.zbiko.cz\/kvalitni-a-levna-okna\/","headline":"Kvalitn\u00ed a levn\u00e1 okna","url":"https:\/\/www.zbiko.cz\/kvalitni-a-levna-okna\/","datePublished":"2026-07-19","dateModified":"2026-07-19","mainEntityOfPage":"https:\/\/www.zbiko.cz\/kvalitni-a-levna-okna\/","author":{"@type":"Person","@id":"https:\/\/www.zbiko.cz\/author\/#Person","name":"","url":"https:\/\/www.zbiko.cz\/author\/","identifier":1,"image":{"@type":"ImageObject","@id":"https:\/\/secure.gravatar.com\/avatar\/b72fc1bf1bf254b4118ef99c1da35a199f5a8e7c33c2166eae92618994df57ea?s=96&d=mm&r=g","url":"https:\/\/secure.gravatar.com\/avatar\/b72fc1bf1bf254b4118ef99c1da35a199f5a8e7c33c2166eae92618994df57ea?s=96&d=mm&r=g","height":96,"width":96}},"publisher":{"@type":"Organization","name":"zbiko.cz","logo":{"@type":"ImageObject","@id":"\/logo.png","url":"\/logo.png","width":600,"height":60}},"image":{"@type":"ImageObject","@id":"https:\/\/www.zbiko.cz\/wp-content\/uploads\/stocksnap-house-2606818_640_1.jpg","url":"https:\/\/www.zbiko.cz\/wp-content\/uploads\/stocksnap-house-2606818_640_1.jpg","height":0,"width":0},"wordCount":541,"keywords":null},{"@type":"Article","@id":"https:\/\/www.zbiko.cz\/spolehlivy-partak-pro-aktivni-dny\/","headline":"Spolehliv\u00fd par\u0165\u00e1k pro aktivn\u00ed dny","url":"https:\/\/www.zbiko.cz\/spolehlivy-partak-pro-aktivni-dny\/","datePublished":"2026-01-17","dateModified":"2026-01-17","mainEntityOfPage":"https:\/\/www.zbiko.cz\/spolehlivy-partak-pro-aktivni-dny\/","author":{"@type":"Person","@id":"https:\/\/www.zbiko.cz\/author\/#Person","name":"","url":"https:\/\/www.zbiko.cz\/author\/","identifier":1,"image":{"@type":"ImageObject","@id":"https:\/\/secure.gravatar.com\/avatar\/b72fc1bf1bf254b4118ef99c1da35a199f5a8e7c33c2166eae92618994df57ea?s=96&d=mm&r=g","url":"https:\/\/secure.gravatar.com\/avatar\/b72fc1bf1bf254b4118ef99c1da35a199f5a8e7c33c2166eae92618994df57ea?s=96&d=mm&r=g","height":96,"width":96}},"publisher":{"@type":"Organization","name":"zbiko.cz","logo":{"@type":"ImageObject","@id":"\/logo.png","url":"\/logo.png","width":600,"height":60}},"image":{"@type":"ImageObject","@id":"https:\/\/www.zbiko.cz\/wp-content\/uploads\/marrontreks-hiking-8216486_1920.jpg","url":"https:\/\/www.zbiko.cz\/wp-content\/uploads\/marrontreks-hiking-8216486_1920.jpg","height":0,"width":0},"wordCount":647,"keywords":null},{"@type":"Article","@id":"https:\/\/www.zbiko.cz\/koupani-v-behu-let\/","headline":"Koup\u00e1n\u00ed v b\u011bhu let","url":"https:\/\/www.zbiko.cz\/koupani-v-behu-let\/","datePublished":"2025-12-27","dateModified":"2025-12-27","mainEntityOfPage":"https:\/\/www.zbiko.cz\/koupani-v-behu-let\/","author":{"@type":"Person","@id":"https:\/\/www.zbiko.cz\/author\/#Person","name":"","url":"https:\/\/www.zbiko.cz\/author\/","identifier":1,"image":{"@type":"ImageObject","@id":"https:\/\/secure.gravatar.com\/avatar\/b72fc1bf1bf254b4118ef99c1da35a199f5a8e7c33c2166eae92618994df57ea?s=96&d=mm&r=g","url":"https:\/\/secure.gravatar.com\/avatar\/b72fc1bf1bf254b4118ef99c1da35a199f5a8e7c33c2166eae92618994df57ea?s=96&d=mm&r=g","height":96,"width":96}},"publisher":{"@type":"Organization","name":"zbiko.cz","logo":{"@type":"ImageObject","@id":"\/logo.png","url":"\/logo.png","width":600,"height":60}},"image":{"@type":"ImageObject","@id":"https:\/\/www.zbiko.cz\/wp-content\/uploads\/pexels-samet-korkmaz-267675092-14924589.jpg","url":"https:\/\/www.zbiko.cz\/wp-content\/uploads\/pexels-samet-korkmaz-267675092-14924589.jpg","height":0,"width":0},"wordCount":646,"keywords":null},{"@type":"Article","@id":"https:\/\/www.zbiko.cz\/osvezeni\/","headline":"Osv\u011b\u017een\u00ed","url":"https:\/\/www.zbiko.cz\/osvezeni\/","datePublished":"2025-08-25","dateModified":"2025-08-25","mainEntityOfPage":"https:\/\/www.zbiko.cz\/osvezeni\/","author":{"@type":"Person","@id":"https:\/\/www.zbiko.cz\/author\/#Person","name":"","url":"https:\/\/www.zbiko.cz\/author\/","identifier":1,"image":{"@type":"ImageObject","@id":"https:\/\/secure.gravatar.com\/avatar\/b72fc1bf1bf254b4118ef99c1da35a199f5a8e7c33c2166eae92618994df57ea?s=96&d=mm&r=g","url":"https:\/\/secure.gravatar.com\/avatar\/b72fc1bf1bf254b4118ef99c1da35a199f5a8e7c33c2166eae92618994df57ea?s=96&d=mm&r=g","height":96,"width":96}},"publisher":{"@type":"Organization","name":"zbiko.cz","logo":{"@type":"ImageObject","@id":"\/logo.png","url":"\/logo.png","width":600,"height":60}},"image":null,"wordCount":220,"keywords":null},{"@type":"Article","@id":"https:\/\/www.zbiko.cz\/nechte-se-ohromit\/","headline":"Nechte se ohromit!","url":"https:\/\/www.zbiko.cz\/nechte-se-ohromit\/","datePublished":"2025-08-22","dateModified":"2025-08-22","mainEntityOfPage":"https:\/\/www.zbiko.cz\/nechte-se-ohromit\/","author":{"@type":"Person","@id":"https:\/\/www.zbiko.cz\/author\/#Person","name":"","url":"https:\/\/www.zbiko.cz\/author\/","identifier":1,"image":{"@type":"ImageObject","@id":"https:\/\/secure.gravatar.com\/avatar\/b72fc1bf1bf254b4118ef99c1da35a199f5a8e7c33c2166eae92618994df57ea?s=96&d=mm&r=g","url":"https:\/\/secure.gravatar.com\/avatar\/b72fc1bf1bf254b4118ef99c1da35a199f5a8e7c33c2166eae92618994df57ea?s=96&d=mm&r=g","height":96,"width":96}},"publisher":{"@type":"Organization","name":"zbiko.cz","logo":{"@type":"ImageObject","@id":"\/logo.png","url":"\/logo.png","width":600,"height":60}},"image":null,"wordCount":217,"keywords":null},{"@type":"Article","@id":"https:\/\/www.zbiko.cz\/organzu-si-jednoduse-zamilujete\/","headline":"Organzu si jednodu\u0161e zamilujete","url":"https:\/\/www.zbiko.cz\/organzu-si-jednoduse-zamilujete\/","datePublished":"2025-08-15","dateModified":"2025-08-15","mainEntityOfPage":"https:\/\/www.zbiko.cz\/organzu-si-jednoduse-zamilujete\/","author":{"@type":"Person","@id":"https:\/\/www.zbiko.cz\/author\/#Person","name":"","url":"https:\/\/www.zbiko.cz\/author\/","identifier":1,"image":{"@type":"ImageObject","@id":"https:\/\/secure.gravatar.com\/avatar\/b72fc1bf1bf254b4118ef99c1da35a199f5a8e7c33c2166eae92618994df57ea?s=96&d=mm&r=g","url":"https:\/\/secure.gravatar.com\/avatar\/b72fc1bf1bf254b4118ef99c1da35a199f5a8e7c33c2166eae92618994df57ea?s=96&d=mm&r=g","height":96,"width":96}},"publisher":{"@type":"Organization","name":"zbiko.cz","logo":{"@type":"ImageObject","@id":"\/logo.png","url":"\/logo.png","width":600,"height":60}},"image":{"@type":"ImageObject","@id":"https:\/\/www.zbiko.cz\/wp-content\/uploads\/l%C3%A1tka%20organza.jpg","url":"https:\/\/www.zbiko.cz\/wp-content\/uploads\/l%C3%A1tka%20organza.jpg","height":0,"width":0},"wordCount":659,"keywords":null},{"@type":"Article","@id":"https:\/\/www.zbiko.cz\/kam-se-podel-vas-sexualni-zivot\/","headline":"Kam se pod\u011bl v\u00e1\u0161 sexu\u00e1ln\u00ed \u017eivot?","url":"https:\/\/www.zbiko.cz\/kam-se-podel-vas-sexualni-zivot\/","datePublished":"2025-08-13","dateModified":"2025-08-13","mainEntityOfPage":"https:\/\/www.zbiko.cz\/kam-se-podel-vas-sexualni-zivot\/","author":{"@type":"Person","@id":"https:\/\/www.zbiko.cz\/author\/#Person","name":"","url":"https:\/\/www.zbiko.cz\/author\/","identifier":1,"image":{"@type":"ImageObject","@id":"https:\/\/secure.gravatar.com\/avatar\/b72fc1bf1bf254b4118ef99c1da35a199f5a8e7c33c2166eae92618994df57ea?s=96&d=mm&r=g","url":"https:\/\/secure.gravatar.com\/avatar\/b72fc1bf1bf254b4118ef99c1da35a199f5a8e7c33c2166eae92618994df57ea?s=96&d=mm&r=g","height":96,"width":96}},"publisher":{"@type":"Organization","name":"zbiko.cz","logo":{"@type":"ImageObject","@id":"\/logo.png","url":"\/logo.png","width":600,"height":60}},"image":null,"wordCount":231,"keywords":null},{"@type":"Article","@id":"https:\/\/www.zbiko.cz\/prijedte-do-zoo\/","headline":"P\u0159ije\u010fte do ZOO","url":"https:\/\/www.zbiko.cz\/prijedte-do-zoo\/","datePublished":"2025-08-08","dateModified":"2025-08-08","mainEntityOfPage":"https:\/\/www.zbiko.cz\/prijedte-do-zoo\/","author":{"@type":"Person","@id":"https:\/\/www.zbiko.cz\/author\/#Person","name":"","url":"https:\/\/www.zbiko.cz\/author\/","identifier":1,"image":{"@type":"ImageObject","@id":"https:\/\/secure.gravatar.com\/avatar\/b72fc1bf1bf254b4118ef99c1da35a199f5a8e7c33c2166eae92618994df57ea?s=96&d=mm&r=g","url":"https:\/\/secure.gravatar.com\/avatar\/b72fc1bf1bf254b4118ef99c1da35a199f5a8e7c33c2166eae92618994df57ea?s=96&d=mm&r=g","height":96,"width":96}},"publisher":{"@type":"Organization","name":"zbiko.cz","logo":{"@type":"ImageObject","@id":"\/logo.png","url":"\/logo.png","width":600,"height":60}},"image":null,"wordCount":223,"keywords":null},{"@type":"Article","@id":"https:\/\/www.zbiko.cz\/mejte-krasnou-hrivu\/","headline":"M\u011bjte kr\u00e1snou h\u0159\u00edvu","url":"https:\/\/www.zbiko.cz\/mejte-krasnou-hrivu\/","datePublished":"2025-08-01","dateModified":"2025-08-01","mainEntityOfPage":"https:\/\/www.zbiko.cz\/mejte-krasnou-hrivu\/","author":{"@type":"Person","@id":"https:\/\/www.zbiko.cz\/author\/#Person","name":"","url":"https:\/\/www.zbiko.cz\/author\/","identifier":1,"image":{"@type":"ImageObject","@id":"https:\/\/secure.gravatar.com\/avatar\/b72fc1bf1bf254b4118ef99c1da35a199f5a8e7c33c2166eae92618994df57ea?s=96&d=mm&r=g","url":"https:\/\/secure.gravatar.com\/avatar\/b72fc1bf1bf254b4118ef99c1da35a199f5a8e7c33c2166eae92618994df57ea?s=96&d=mm&r=g","height":96,"width":96}},"publisher":{"@type":"Organization","name":"zbiko.cz","logo":{"@type":"ImageObject","@id":"\/logo.png","url":"\/logo.png","width":600,"height":60}},"image":null,"wordCount":206,"keywords":null}]},{"@context":"https:\/\/schema.org","@type":"WebSite","@id":"https:\/\/www.zbiko.cz\/#website","name":"Zbiko","url":"https:\/\/www.zbiko.cz","potentialAction":{"@type":"SearchAction","target":"https:\/\/www.zbiko.cz\/?s={search_term_string}","query-input":"required name=search_term_string"}}]