[{"@context":"https:\/\/schema.org\/","@type":"Article","@id":"https:\/\/www.zbiko.cz\/army-moda\/#Article","mainEntityOfPage":"https:\/\/www.zbiko.cz\/army-moda\/","headline":"Army m\u00f3da","name":"Army m\u00f3da","description":"Pamatuji si, jak mi m\u016fj d\u011bde\u010dek st\u00e1le vykl\u00e1dal o tom, kdy\u017e byl na vojn\u011b. Mysl\u00edm si, \u017ee je to docela velmi zaj\u00edmav\u00e9. A taky kdy\u017e jsem potom pracovala v domov\u011b d\u016fchodc\u016f, kde jsem se o&hellip;","datePublished":"2022-10-28","dateModified":"2022-10-28","author":{"@type":"Person","@id":"https:\/\/www.zbiko.cz\/author\/#Person","name":"","url":"https:\/\/www.zbiko.cz\/author\/","identifier":1,"image":{"@type":"ImageObject","@id":"https:\/\/secure.gravatar.com\/avatar\/b72fc1bf1bf254b4118ef99c1da35a199f5a8e7c33c2166eae92618994df57ea?s=96&d=mm&r=g","url":"https:\/\/secure.gravatar.com\/avatar\/b72fc1bf1bf254b4118ef99c1da35a199f5a8e7c33c2166eae92618994df57ea?s=96&d=mm&r=g","height":96,"width":96}},"publisher":{"@type":"Organization","name":"zbiko.cz","logo":{"@type":"ImageObject","@id":"\/logo.png","url":"\/logo.png","width":600,"height":60}},"image":{"@type":"ImageObject","@id":"https:\/\/www.zbiko.cz\/wp-content\/uploads\/soldiers-1002_960_720.jpg","url":"https:\/\/www.zbiko.cz\/wp-content\/uploads\/soldiers-1002_960_720.jpg","height":0,"width":0},"url":"https:\/\/www.zbiko.cz\/army-moda\/","about":["Produkty"],"wordCount":424,"articleBody":"   Pamatuji si, jak mi m\u016fj d\u011bde\u010dek st\u00e1le vykl\u00e1dal o tom, kdy\u017e byl na vojn\u011b. Mysl\u00edm si, \u017ee je to docela velmi zaj\u00edmav\u00e9. A taky kdy\u017e jsem potom pracovala v domov\u011b d\u016fchodc\u016f, kde jsem se o n\u011b starala, tak jsem tam taky velmi \u010dasto poslouchala p\u00e1ny, jak mi pov\u00eddali, kdy\u017e taky byli na vojn\u011b. A mus\u00edm uznat, \u017ee to jsou opravdu kr\u00e1sn\u00e9 a n\u011bkdy a\u017e dojemn\u00e9 p\u0159\u00edb\u011bhy. T\u0159eba mi vykl\u00e1dali, jak jejich man\u017eelky a jejich p\u0159\u00edtelkyn\u011b \u010dekaly na sv\u00e9 mu\u017ee, a\u017e se vr\u00e1t\u00ed z vojny. A tak jsem si \u0159\u00edkala, jestli v\u016fbec mo\u017en\u00e9, \u017ee vojna v dne\u0161n\u00ed dob\u011b nen\u00ed anebo je. Jestli jsou to sam\u00e9 v\u00fdhody nebo nev\u00fdhody. Sice zase to je v\u00fdhoda, \u017ee vojna nen\u00ed, \u017ee jsou p\u00e1nov\u00e9 doma s rodinou. Ale zase je nev\u00fdhoda, \u017ee p\u00e1nov\u00e9 u\u017e nejsou tak mu\u017en\u00ed, jalo d\u0159\u00edve. V\u017edy\u0165 p\u0159eji jenom ta vojna ka\u017ed\u00e9ho mu\u017ee utu\u017e\u00ed a p\u0159esv\u011bd\u010d\u00ed ho o mu\u017esk\u00e9 s\u00edle a tvrdosti. V dne\u0161n\u00ed dob\u011b nedok\u00e1\u017ee mu\u017e udr\u017eet ani zbra\u0148 v ruce.Podle m\u00e9ho n\u00e1zoru by ka\u017ed\u00fd mu\u017e m\u011bl um\u011bt bojovat a potom ochr\u00e1nit sv\u016fj st\u00e1t. Mimo tohle, ale taky m\u00e1m r\u00e1da t\u0159eba army m\u00f3du, kter\u00e1 je efektn\u00ed a taky cool. Koukala jsem se t\u0159eba na webovou str\u00e1nku armytrika.cz, kde se mi l\u00edbily opravdu skv\u011bl\u00e9 v\u011bci. A co byste t\u0159eba \u0159ekli na 13. d\u011blost\u0159eleck\u00fd pluk? V\u00edte v\u016fbec co to je? To j\u00e1, kdy\u017e jsem sly\u0161ela o tom 13. d\u011blost\u0159eleck\u00e9mu pluku, tak jsem si p\u0159edstavovala jenom v\u00e1lku a vojnu. Ale to jsem se moc spletla. Proto\u017ee tady si ale m\u016f\u017eete koupit \u00fapln\u011b kr\u00e1snou mikinu anebo triko. Anebo dokonce zn\u00e1mkov\u00fd blok. L\u00edbil by se v\u00e1m t\u0159eba pozn\u00e1mkov\u00fd blok 13. d\u011blost\u0159eleck\u00fd pluk? Pokud ano, tak se pod\u00edvejte na webov\u00e9 str\u00e1nky armytrika.cz, kde je najdete trika a military s tematikou. Nebo t\u0159eba d\u00e1msk\u00e1 mikina s kapuc\u00ed army odd\u00edl je taky velmi zaj\u00edmav\u00e1, taky zde po\u0159\u00edd\u00edte trika za skv\u011blou cenu. Sta\u010d\u00ed se jenom pod\u00edvat na webov\u00e9 str\u00e1nky. A kdy\u017e u\u017e jsme u t\u00e9 vojny a army, tak v\u00edte v\u016fbec, co to 13. d\u011blost\u0159eleck\u00fd pluk p\u0159esn\u011b znamen\u00e1?                                                                                                                                                                                                                                                                                                                                                                                                   "},{"@context":"https:\/\/schema.org\/","@type":"BreadcrumbList","itemListElement":[{"@type":"ListItem","position":1,"name":"Army m\u00f3da","item":"https:\/\/www.zbiko.cz\/army-moda\/#breadcrumbitem"}]}]