[{"@context":"https:\/\/schema.org\/","@type":"Article","@id":"https:\/\/www.zbiko.cz\/jake-budou-kuchyne-v-roce-2020\/#Article","mainEntityOfPage":"https:\/\/www.zbiko.cz\/jake-budou-kuchyne-v-roce-2020\/","headline":"Jak\u00e9 budou kuchyn\u011b v roce 2020?","name":"Jak\u00e9 budou kuchyn\u011b v roce 2020?","description":"Kuchyn\u011b je jedno z nejd\u016fle\u017eit\u011bj\u0161\u00edch m\u00edst v byt\u011b, proto je pot\u0159eba p\u0159i jej\u00edm pl\u00e1nov\u00e1n\u00ed myslet na to, aby byla hezk\u00e1 a praktick\u00e1. Jak\u00e9 budou trendy kuchyn\u00ed v roce 2020? \u00a0 Matn\u00e9 povrchy \u00a0&#8211; jsou nejen&hellip;","datePublished":"2019-12-25","dateModified":"2023-04-27","author":{"@type":"Person","@id":"https:\/\/www.zbiko.cz\/author\/#Person","name":"","url":"https:\/\/www.zbiko.cz\/author\/","identifier":1,"image":{"@type":"ImageObject","@id":"https:\/\/secure.gravatar.com\/avatar\/b72fc1bf1bf254b4118ef99c1da35a199f5a8e7c33c2166eae92618994df57ea?s=96&d=mm&r=g","url":"https:\/\/secure.gravatar.com\/avatar\/b72fc1bf1bf254b4118ef99c1da35a199f5a8e7c33c2166eae92618994df57ea?s=96&d=mm&r=g","height":96,"width":96}},"publisher":{"@type":"Organization","name":"zbiko.cz","logo":{"@type":"ImageObject","@id":"\/logo.png","url":"\/logo.png","width":600,"height":60}},"image":{"@type":"ImageObject","@id":"https:\/\/www.zbiko.cz\/wp-content\/uploads\/img_a364136_w4416_t1576764303.jpg","url":"https:\/\/www.zbiko.cz\/wp-content\/uploads\/img_a364136_w4416_t1576764303.jpg","height":0,"width":0},"url":"https:\/\/www.zbiko.cz\/jake-budou-kuchyne-v-roce-2020\/","about":["Byt a d\u016fm"],"wordCount":470,"articleBody":"Kuchyn\u011b je jedno z nejd\u016fle\u017eit\u011bj\u0161\u00edch m\u00edst v byt\u011b, proto je pot\u0159eba p\u0159i jej\u00edm pl\u00e1nov\u00e1n\u00ed myslet na to, aby byla hezk\u00e1 a praktick\u00e1. Jak\u00e9 budou trendy kuchyn\u00ed v roce 2020?\u00a0Matn\u00e9 povrchy\u00a0&#8211; jsou nejen modern\u00ed, ale tak\u00e9 praktick\u00e9, jeliko\u017e na nich nejsou vid\u011bt otisky rukou, proto je jejich \u00fadr\u017eba podstatn\u011b jednodu\u0161\u0161\u00ed ne\u017e u leskl\u00fdch povrch\u016f. V p\u0159\u00edpad\u011b, \u017ee m\u00e1te mal\u00e9 d\u011bti to ur\u010dit\u011b ocen\u00edte.Barvy kuchyn\u011b&#8211; nejobl\u00edben\u011bj\u0161\u00ed barvou kuchyn\u011b je st\u00e1le b\u00edl\u00e1, kter\u00e1 je nad\u010dasov\u00e1 a opticky zv\u011bt\u0161uje prostor a t\u011b\u0161\u00ed se tak oblib\u011b v mnoha dom\u00e1cnostech. Velmi pou\u017e\u00edvan\u00e9 budou ale tak\u00e9 tmav\u00e9 barvy, a to zejm\u00e9na \u010dern\u00e1 klasika a antracitov\u00e1. Pou\u017e\u00edvat se bude rovn\u011b\u017e st\u00e1le velmi obl\u00edben\u00e1 \u0161ed\u00e1. Novinkou pro n\u00e1sleduj\u00edc\u00ed rok, a to nejen v kuchyn\u00edch, bude pastelov\u011b zelen\u00e1 barva. Nebude ale nutn\u00e9 m\u00edt kuchy\u0148 pouze v jedn\u00e9 barv\u011b, modern\u00ed bude rovn\u011b\u017e m\u00edt rozd\u00edln\u00e9 barvy spodn\u00ed a horn\u00ed \u010d\u00e1sti kuchy\u0148sk\u00e9 linky a to tak, aby vznikl kontrast. Dekor by se m\u011bl podle design\u00e9r\u016f volit nejl\u00e9pe p\u0159\u00edrodn\u00ed.\u00a0Spojen\u00fd prostor\u00a0\u2013 v kuchyni tr\u00e1v\u00ed zejm\u00e9na \u017eeny mnoho \u010dasu, proto je ide\u00e1ln\u00ed propojen\u00ed kuchyn\u011b s j\u00eddelnou a ob\u00fdvac\u00edm pokojem tak, aby byl ten, kdo va\u0159\u00ed v kontaktu s ostatn\u00edmi \u010dleny dom\u00e1cnosti a aby m\u011bl p\u0159ehled o tom, co se v byt\u011b d\u011bje. Uzav\u0159en\u00e9 kuchyn\u011b u\u017e jsou dnes p\u0159e\u017eitkem. Toto \u0159e\u0161en\u00ed je v souladu s trendem multifunk\u010dn\u00edch prostor.Velk\u00e9 sk\u0159\u00ed\u0148ky\u2013 jinak tak\u00e9 XL sk\u0159\u00ed\u0148ky, jsou, jak u\u017e n\u00e1zev napov\u00edd\u00e1 sk\u0159\u00ed\u0148ky s velk\u00fdm objemem. M\u016f\u017eete v nich tedy uschovat opravdu velk\u00e9 mno\u017estv\u00ed z\u00e1sob, nebo n\u00e1dob\u00ed. Maj\u00ed vlastn\u011b napodobit vzhled ob\u00fdvac\u00edch st\u011bn tak, jak je zn\u00e1me z d\u0159\u00edv\u011bj\u0161\u00edch dob a zaplnit tak ide\u00e1ln\u011b celou st\u011bnu, nebo st\u011bny. Modern\u00ed budou tak\u00e9 tzv. bez\u00fachytov\u00e9 sk\u0159\u00ed\u0148ky.Obklady\u2013 novinkou bude tak\u00e9 rozm\u00edst\u011bn\u00ed obklad\u016f, ty se nebudou d\u00e1vat pouze mezi pracovn\u00ed desku a horn\u00ed sk\u0159\u00ed\u0148ky, ale budou se se d\u00e1vat nejl\u00e9pe po cel\u00e9 st\u011bn\u011b, co\u017e bude jak estetick\u00e9, tak i praktick\u00e9 na \u00fadr\u017ebu. V t\u00e9to oblasti se budou pou\u017e\u00edvat barvy sp\u00ed\u0161e klasick\u00e9 a nad\u010dasov\u00e9, a to zejm\u00e9na \u010dern\u00e1, b\u00edl\u00e1, ale tak\u00e9 obl\u00edben\u00e1 \u0161ed\u00e1.\u00a0Kuchyn\u011b by m\u011bla b\u00fdt srdcem domova, zapadat do konceptu multifunk\u010dn\u00edho prostoru, m\u011bl by b\u00fdt vyu\u017eit\u00fd ka\u017ed\u00fd kousek prostoru, jeliko\u017e mnoho lid\u00ed bydl\u00ed vzhledem k cen\u00e1m nemovitost\u00ed v mal\u00fdch bytech. Celkov\u011b by ale m\u011bla p\u016fsobit vzdu\u0161n\u00fdm a \u010dist\u00fdm dojmem.                                                                                                                                                                                                                                                                                                                                                                                                "},{"@context":"https:\/\/schema.org\/","@type":"BreadcrumbList","itemListElement":[{"@type":"ListItem","position":1,"name":"Jak\u00e9 budou kuchyn\u011b v roce 2020?","item":"https:\/\/www.zbiko.cz\/jake-budou-kuchyne-v-roce-2020\/#breadcrumbitem"}]}]