[{"@context":"https:\/\/schema.org\/","@type":"Article","@id":"https:\/\/www.zbiko.cz\/prezident-milovany-i-nenavideny\/#Article","mainEntityOfPage":"https:\/\/www.zbiko.cz\/prezident-milovany-i-nenavideny\/","headline":"Prezident milovan\u00fd i nen\u00e1vid\u011bn\u00fd","name":"Prezident milovan\u00fd i nen\u00e1vid\u011bn\u00fd","description":"Volba prezidenta v\u0161elidov\u00fdm hlasov\u00e1n\u00edm je element\u00e1rn\u00edm prvkem p\u0159\u00edm\u00e9 demokracie, kter\u00fd umo\u017e\u0148uje rozhodovat o osob\u011b p\u0159\u00ed\u0161t\u00edho prezidenta i spoluob\u010dan\u016fm ze zapadl\u00e9 vesni\u010dky stovky kilometr\u016f daleko od mati\u010dky Prahy. Potud dob\u0159e. Druhou stranou mince je schopnost jednotliv\u00e9ho&hellip;","datePublished":"2019-11-06","dateModified":"2023-04-27","author":{"@type":"Person","@id":"https:\/\/www.zbiko.cz\/author\/#Person","name":"","url":"https:\/\/www.zbiko.cz\/author\/","identifier":1,"image":{"@type":"ImageObject","@id":"https:\/\/secure.gravatar.com\/avatar\/b72fc1bf1bf254b4118ef99c1da35a199f5a8e7c33c2166eae92618994df57ea?s=96&d=mm&r=g","url":"https:\/\/secure.gravatar.com\/avatar\/b72fc1bf1bf254b4118ef99c1da35a199f5a8e7c33c2166eae92618994df57ea?s=96&d=mm&r=g","height":96,"width":96}},"publisher":{"@type":"Organization","name":"zbiko.cz","logo":{"@type":"ImageObject","@id":"\/logo.png","url":"\/logo.png","width":600,"height":60}},"image":{"@type":"ImageObject","@id":"https:\/\/www.zbiko.cz\/wp-content\/uploads\/img_a362130_w4416_t1575105025.jpg","url":"https:\/\/www.zbiko.cz\/wp-content\/uploads\/img_a362130_w4416_t1575105025.jpg","height":0,"width":0},"url":"https:\/\/www.zbiko.cz\/prezident-milovany-i-nenavideny\/","about":["Politika"],"wordCount":516,"articleBody":"Volba prezidenta v\u0161elidov\u00fdm hlasov\u00e1n\u00edm je element\u00e1rn\u00edm prvkem p\u0159\u00edm\u00e9 demokracie, kter\u00fd umo\u017e\u0148uje rozhodovat o osob\u011b p\u0159\u00ed\u0161t\u00edho prezidenta i spoluob\u010dan\u016fm ze zapadl\u00e9 vesni\u010dky stovky kilometr\u016f daleko od mati\u010dky Prahy. Potud dob\u0159e. Druhou stranou mince je schopnost jednotliv\u00e9ho voli\u010de rozpoznat, kter\u00fd kandid\u00e1t na funkci hlavy st\u00e1tu je ten nejvhodn\u011bj\u0161\u00ed. Aby to bylo \u00fapln\u011b jasn\u00e9, nejde jen o ment\u00e1ln\u00ed a politickou voli\u010dovu vysp\u011blost, n\u00fdbr\u017e o vn\u011bj\u0161\u00ed vlivy, kter\u00e9 ka\u017ed\u00e9ho nutn\u011b p\u0159i v\u00fdb\u011bru ovliv\u0148uj\u00ed.Dv\u011b volebn\u00ed kampan\u011b, kter\u00e9 zat\u00edm volbu prezidenta prov\u00e1zely, potvrdily obavy odp\u016frc\u016f p\u0159\u00edm\u00e9 volby, \u017ee se m\u016f\u017ee jednat o nebezpe\u010dnou hru s\u00a0ohn\u011bm. A aby to bylo dokonale jasn\u00e9, nejde o hodnocen\u00ed sou\u010dasn\u00e9ho prezidenta, ale o atmosf\u00e9ru, kterou p\u0159\u00edm\u00e1 volba zasela do n\u00e1roda. T\u0159icet let po odstran\u011bn\u00ed ostnat\u00fdch dr\u00e1t\u016f na hranic\u00edch se tyto znovu objevily v\u00a0na\u0161ich vztaz\u00edch. A\u017e na \u010destn\u00e9 v\u00fdjimky, jednotliv\u00ed kandid\u00e1ti, l\u00e9pe \u0159e\u010deno jejich PR t\u00fdmy, prezentovali sv\u00e9 soupe\u0159e jako n\u00e1stroj pekla, kter\u00fd p\u0159ivede n\u00e1rod do zk\u00e1zy. A\u0165 se to n\u011bkomu l\u00edb\u00ed nebo ne, v\u00a0na\u0161\u00ed mentalit\u011b je po\u0159\u00e1d zak\u00f3dov\u00e1na touha po osv\u00edcen\u00e9m, moudr\u00e9m panovn\u00edkovi, kter\u00fd zajist\u00ed spokojen\u00e9 byt\u00ed pro v\u0161echny. A te\u010f se v\u00a0tom voli\u010di vyznej\u2026Nad\u011bje, \u017ee volebn\u00ed rozkoly \u010dasem odezn\u00ed a prezident bude, kdy\u017e ne milov\u00e1n, alespo\u0148 tolerov\u00e1n, um\u0159ela d\u00edky absenci pokory a nepochopen\u00ed sv\u00e9 role hlavn\u00edho akt\u00e9ra. Sou\u010dasn\u00fd prezident za masivn\u00ed a serviln\u00ed podpory sv\u00fdch v\u011brn\u00fdch rozjit\u0159il v\u00e1\u0161n\u011b natolik, \u017ee jsme op\u011bt sv\u011bdky nebo \u00fa\u010dastn\u00edky masivn\u00edch statis\u00edcov\u00fdch demonstrac\u00ed, kter\u00e9 vyjad\u0159uj\u00ed obavy zna\u010dn\u00e9 \u010d\u00e1sti obyvatel o osud demokracie v\u00a0t\u00e9to zemi. Kdyby toti\u017e tvrdo\u0161\u00edjn\u011b na hran\u011b \u00fastavy nedr\u017eel kontroverzn\u00edho premi\u00e9ra a jeho r\u016fzn\u00e9 vl\u00e1dy u moci, na V\u00e1clavsk\u00e9m n\u00e1m\u011bst\u00ed by se srocovali jen turist\u00e9 a po Letn\u00e9 by se proh\u00e1n\u011bl v\u00edtr\u2026P\u0159\u00edm\u00e1 volba prezidenta m\u016f\u017ee b\u00fdt nebezpe\u010dn\u00e1 i v pocitu siln\u00e9ho mand\u00e1tu, kter\u00fd v\u00edt\u011bz pova\u017euje za legitimaci pro ve\u0161ker\u00e9 svoje p\u016fsoben\u00ed. Sou\u010dasn\u00fd prezident t\u00edmto \u010dasto argumentoval, ale skute\u010dnost je p\u0159ece diametr\u00e1ln\u011b odli\u0161n\u00e1. Ve druh\u00e9m kole volby si osobu Milo\u0161e Zemana do funkce prezidenta p\u0159\u00e1lo 51,36% voli\u010d\u016f. To opravdu nen\u00ed \u017e\u00e1dn\u00e9 drtiv\u00e9 v\u00edt\u011bzstv\u00ed, to je tak \u0159\u00edkaj\u00edc v\u00edt\u011bzstv\u00ed o prsa, kter\u00e9 \u017e\u00e1dn\u00fd siln\u00fd mand\u00e1t v\u00a0\u017e\u00e1dn\u00e9m p\u0159\u00edpad\u011b neposkytuje.Jsme parlamentn\u00ed demokraci\u00ed. Zapla\u0165 p\u00e1nb\u016fh. Parlament pravdiv\u011b odr\u00e1\u017e\u00ed rozlo\u017een\u00ed politick\u00fdch sil a jeho \u010dleny si vol\u00edme v\u00a0demokratick\u00fdch volb\u00e1ch. Nebylo by rozumn\u011bj\u0161\u00ed, vr\u00e1tit mu pr\u00e1vo volby prezidenta a minimalizovat tak hrozbu p\u0159edv\u00eddateln\u00e9 a hlavn\u011b nebezpe\u010dn\u00e9 polarizace spole\u010dnosti?                                                                                                                                                                                                                                                                                                                                                                                                "},{"@context":"https:\/\/schema.org\/","@type":"BreadcrumbList","itemListElement":[{"@type":"ListItem","position":1,"name":"Prezident milovan\u00fd i nen\u00e1vid\u011bn\u00fd","item":"https:\/\/www.zbiko.cz\/prezident-milovany-i-nenavideny\/#breadcrumbitem"}]}]