[{"@context":"https:\/\/schema.org\/","@type":"Article","@id":"https:\/\/www.zbiko.cz\/tazne-zarizeni-fabia-krok-k-vetsi-sobestacnosti\/#Article","mainEntityOfPage":"https:\/\/www.zbiko.cz\/tazne-zarizeni-fabia-krok-k-vetsi-sobestacnosti\/","headline":"Ta\u017en\u00e9 za\u0159\u00edzen\u00ed Fabia \u2013 krok k v\u011bt\u0161\u00ed sob\u011bsta\u010dnosti","name":"Ta\u017en\u00e9 za\u0159\u00edzen\u00ed Fabia \u2013 krok k v\u011bt\u0161\u00ed sob\u011bsta\u010dnosti","description":"Epidemie koronaviru prov\u011b\u0159ila spole\u010dnost, zejm\u00e9na mezilidsk\u00e9 vztahy a legislativn\u00ed vazby, s nimi\u017e do\u0161lo k omezen\u00ed r\u016fzn\u00fdch \u010dinnost\u00ed, pracovn\u00edch i volno\u010dasov\u00fdch soukrom\u00fdch aktivit. Potvrdila se v\u0161ak jedna d\u016fle\u017eit\u00e1 v\u011bc, kterou m\u00e1 na\u0161e zem\u011b za\u017eitou ji\u017e ze&hellip;","datePublished":"2021-01-16","dateModified":"2023-04-27","author":{"@type":"Person","@id":"https:\/\/www.zbiko.cz\/author\/#Person","name":"","url":"https:\/\/www.zbiko.cz\/author\/","identifier":1,"image":{"@type":"ImageObject","@id":"https:\/\/secure.gravatar.com\/avatar\/b72fc1bf1bf254b4118ef99c1da35a199f5a8e7c33c2166eae92618994df57ea?s=96&d=mm&r=g","url":"https:\/\/secure.gravatar.com\/avatar\/b72fc1bf1bf254b4118ef99c1da35a199f5a8e7c33c2166eae92618994df57ea?s=96&d=mm&r=g","height":96,"width":96}},"publisher":{"@type":"Organization","name":"zbiko.cz","logo":{"@type":"ImageObject","@id":"\/logo.png","url":"\/logo.png","width":600,"height":60}},"image":{"@type":"ImageObject","@id":"https:\/\/www.zbiko.cz\/wp-content\/uploads\/j%C3%ADzda%20po%20d%C3%A1lnici_10_3.jpg","url":"https:\/\/www.zbiko.cz\/wp-content\/uploads\/j%C3%ADzda%20po%20d%C3%A1lnici_10_3.jpg","height":0,"width":0},"url":"https:\/\/www.zbiko.cz\/tazne-zarizeni-fabia-krok-k-vetsi-sobestacnosti\/","about":["Produkty"],"wordCount":431,"articleBody":"      Epidemie koronaviru prov\u011b\u0159ila spole\u010dnost, zejm\u00e9na mezilidsk\u00e9 vztahy a legislativn\u00ed vazby, s nimi\u017e do\u0161lo k omezen\u00ed r\u016fzn\u00fdch \u010dinnost\u00ed, pracovn\u00edch i volno\u010dasov\u00fdch soukrom\u00fdch aktivit. Potvrdila se v\u0161ak jedna d\u016fle\u017eit\u00e1 v\u011bc, kterou m\u00e1 na\u0161e zem\u011b za\u017eitou ji\u017e ze zku\u0161enosti z obdob\u00ed socialismu \u2013 \u010d\u00edm v\u011bt\u0161\u00ed sob\u011bsta\u010dnost, zejm\u00e9na v materi\u00e1ln\u00edm zabezpe\u010den\u00ed, t\u00edm men\u0161\u00ed stresov\u00fd dopad na rodiny i jednotlivce.Pro\u017eit\u00e9 krizov\u00e9 sc\u00e9n\u00e1\u0159e tak\u00e9 nazna\u010dily, jak v\u00fdhodn\u00fd je vlastn\u00ed v\u016fz, vyh\u00fdb\u00e1n\u00ed se cestov\u00e1n\u00ed hromadnou dopravou, jednor\u00e1zov\u00e9 velk\u00e9 n\u00e1kupy (omezen\u00ed po\u010dtu n\u00e1kup\u016f a t\u00edm p\u00e1dem kontakt\u016f s lidmi) a tak\u00e9 zaji\u0161t\u011bn\u00ed dovolenkov\u00e9ho pobytu mimo cestovn\u00ed kancel\u00e1\u0159e, mimo pobyty v p\u0159elidn\u011bn\u00fdch hotel\u00edch a bez cestov\u00e1n\u00ed letadlem, autobusem a vlakem.K v\u011bt\u0161\u00ed sob\u011bsta\u010dnosti vede tak\u00e9 vlastn\u00ed ta\u017en\u00e9 za\u0159\u00edzen\u00ed. Jeho nejv\u011bt\u0161\u00ed v\u00fdhodou je univerzalita, tedy mo\u017enost p\u0159ipojit r\u016fzn\u00e9 typy p\u0159\u00edv\u011bs\u016f a voz\u00edk\u016f, karavany a nosi\u010de na kola. Z\u00e1jem o toto p\u0159\u00edslu\u0161enstv\u00ed stoup\u00e1 zejm\u00e9na na venkov\u011b a v men\u0161\u00edch m\u011bstech, ale tak\u00e9 tam, kde jsou lid\u00e9 z panelov\u00e9ho s\u00eddli\u0161t\u011b odk\u00e1z\u00e1ni na vlastn\u00ed chalupu.Flexibilita k nezaplacen\u00ed \u2013 ta\u017en\u00e9 za\u0159\u00edzen\u00ed Fabia https:\/\/www.amsa.cz\/Fabia-III nen\u00ed nutn\u00e9 vyu\u017e\u00edvat ka\u017ed\u00fd den, m\u00e1te jej zkr\u00e1tka k dispozici jako pouh\u00fd potenci\u00e1l. Podm\u00ednkou nen\u00ed ani vlastnictv\u00ed p\u0159\u00edv\u011bsu, ten je mo\u017en\u00e9 pronajmout, a\u0165 u\u017e jde o jednon\u00e1pravov\u00fd voz\u00edk pro p\u0159ev\u00e1\u017een\u00ed n\u00e1kladu, dvoun\u00e1pravov\u00fd p\u0159\u00edv\u011bs pro p\u0159epravu kon\u00ed a dal\u0161\u00edch hospod\u00e1\u0159sk\u00fdch zv\u00ed\u0159at, p\u0159\u00edpadn\u011b p\u0159\u00edv\u011bs pro odta\u017een\u00ed nepoj\u00edzdn\u00e9ho vozidla. V sou\u010dasn\u00e9 dob\u011b roste z\u00e1jem i o pron\u00e1jmy karavan\u016f, \u010d\u00edm\u017e se snadno vyhnete zalidn\u011bn\u00fdm destinac\u00edm a m\u016f\u017eete si dop\u0159\u00e1t pobyt v p\u0159\u00edrod\u011b, a to t\u0159eba ka\u017ed\u00fd den n\u011bkde jinde.Pron\u00e1jmy maj\u00ed z\u00e1sadn\u00ed v\u00fdhodu v tom, \u017ee se nestar\u00e1te o technick\u00fd stav p\u0159\u00edpojn\u00e9ho vozidla, net\u00fdkaj\u00ed se v\u00e1s pravideln\u00e9 prohl\u00eddky, ne\u0159e\u0161\u00edte n\u00e1hradn\u00ed d\u00edly, stav pneumatik, elektrick\u00fdch rozvod\u016f ani konstrukce p\u0159\u00edv\u011bsu. Pochopiteln\u011b v\u00e1s nemus\u00ed zaj\u00edmat ani parkovac\u00ed m\u00edsto a zabezpe\u010den\u00ed p\u0159ed kr\u00e1de\u017e\u00ed, pokud ov\u0161em uva\u017eujete jen o kr\u00e1tkodob\u00e9m pron\u00e1jmu na jeden den.                                                                                                                                                                                                                                                                                                                                                                                                  "},{"@context":"https:\/\/schema.org\/","@type":"BreadcrumbList","itemListElement":[{"@type":"ListItem","position":1,"name":"Ta\u017en\u00e9 za\u0159\u00edzen\u00ed Fabia \u2013 krok k v\u011bt\u0161\u00ed sob\u011bsta\u010dnosti","item":"https:\/\/www.zbiko.cz\/tazne-zarizeni-fabia-krok-k-vetsi-sobestacnosti\/#breadcrumbitem"}]}]